{"id":2008,"date":"2025-09-25T19:27:00","date_gmt":"2025-09-25T14:27:00","guid":{"rendered":"https:\/\/uzdeutsche.uz\/?p=2008"},"modified":"2025-10-24T19:36:13","modified_gmt":"2025-10-24T14:36:13","slug":"in-taschkent-fand-ein-internationales-medienseminar-fur-deutsche-minderheiten-statt","status":"publish","type":"post","link":"https:\/\/uzdeutsche.uz\/?p=2008&lang=de","title":{"rendered":"In Taschkent fand ein internationales Medienseminar f\u00fcr deutsche Minderheiten statt"},"content":{"rendered":"\n<p>Das Kulturzentrum der Deutschen aus Usbekistan Wiedergeburt wurde zu einer Plattform f\u00fcr den Erfahrungsaustausch und die Entwicklung von Medienkompetenzen.<\/p>\n\n\n\n<p>Vom 20. bis 24. August 2025 veranstaltete das Kulturzentrum der Deutschen aus Usbekistan Wiedergeburt in Taschkent gemeinsam mit dem IFA (Institut f\u00fcr Auslandsbeziehungen) ein Medienseminar \u201eNiedrigschwellige Medienseminare f\u00fcr Vertreter deutscher Minderheiten in Zentralasien, dem Kaukasus und Russland\u201c. Die Veranstaltung brachte 16 Teilnehmer aus Usbekistan, Kasachstan, Kirgisistan, Russland und Georgien zusammen. Sie wurde von den deutschen IFA-Gastrednern Angelina Davydova und Ella Chichigin moderiert.<\/p>\n\n\n<div class=\"wp-block-image is-style-default\">\n<figure class=\"aligncenter size-large\"><img decoding=\"async\" src=\"https:\/\/uzdeutsche.uz\/wp-content\/uploads\/2025\/09\/%D0%92-%D0%A2%D0%B0%D1%88%D0%BA%D0%B5%D0%BD%D1%82%D0%B5-%D0%BF%D1%80%D0%BE%D1%88%D0%B5%D0%BB-%D0%BC%D0%B5%D0%B6%D0%B4%D1%83%D0%BD%D0%B0%D1%80%D0%BE%D0%B4%D0%BD%D1%8B%D0%B9-%D0%BC%D0%B5%D0%B4%D0%B8%D0%B0%D1%81%D0%B5%D0%BC%D0%B8%D0%BD%D0%B0%D1%80-%D0%B4%D0%BB%D1%8F-%D0%BD%D0%B5%D0%BC%D0%B5%D1%86%D0%BA%D0%B8%D1%85-%D0%BC%D0%B5%D0%BD%D1%8C%D1%88%D0%B8%D0%BD%D1%81%D1%82%D0%B2-2-1024x768.jpg\" alt=\"\"\/><\/figure><\/div>\n\n\n<p>Die moderne Welt diktiert ihre eigenen Bedingungen: Kommunikation, Selbstdarstellung und sogar die Bewahrung des kulturellen Erbes finden zunehmend auf digitalem Wege statt. Die deutschen Minderheiten in den GUS-Staaten beteiligen sich aktiv an diesem Prozess und nutzen soziale Netzwerke, Blogs und Videoplattformen, um ihre Kultur, Sprache und Traditionen zu f\u00f6rdern.<\/p>\n\n\n\n<p><strong>Angelina Davydova:<\/strong> &#171;Unsere Aufgabe ist es, den Vertretern der deutschen Minderheiten die notwendigen Werkzeuge an die Hand zu geben, um effektiv \u00fcber sich selbst, ihr Leben, ihre Geschichte und ihre Traditionen zu berichten. Dies ist besonders wichtig, da die offiziellen Medien nur selten \u00fcber die Aktivit\u00e4ten der nationalen Gemeinschaften berichten&#187;.<\/p>\n\n\n<div class=\"wp-block-image is-style-default\">\n<figure class=\"aligncenter size-large\"><img decoding=\"async\" src=\"https:\/\/uzdeutsche.uz\/wp-content\/uploads\/2025\/09\/%D0%92-%D0%A2%D0%B0%D1%88%D0%BA%D0%B5%D0%BD%D1%82%D0%B5-%D0%BF%D1%80%D0%BE%D1%88%D0%B5%D0%BB-%D0%BC%D0%B5%D0%B6%D0%B4%D1%83%D0%BD%D0%B0%D1%80%D0%BE%D0%B4%D0%BD%D1%8B%D0%B9-%D0%BC%D0%B5%D0%B4%D0%B8%D0%B0%D1%81%D0%B5%D0%BC%D0%B8%D0%BD%D0%B0%D1%80-%D0%B4%D0%BB%D1%8F-%D0%BD%D0%B5%D0%BC%D0%B5%D1%86%D0%BA%D0%B8%D1%85-%D0%BC%D0%B5%D0%BD%D1%8C%D1%88%D0%B8%D0%BD%D1%81%D1%82%D0%B2-3-1024x768.jpg\" alt=\"\"\/><\/figure><\/div>\n\n\n<p>Das Seminarprogramm war reichhaltig und vielseitig. W\u00e4hrend der f\u00fcnf Tage h\u00f6rten die Teilnehmer theoretische Vortr\u00e4ge, absolvierten praktische \u00dcbungen und arbeiteten in Minigruppen an ihren eigenen Medienprojekten.<\/p>\n\n\n\n<p>Die Hauptbl\u00f6cke des Seminars waren:<\/p>\n\n\n\n<p>&#8212; Analyse des Medienkonsums der Seminarteilnehmer, ihrer Medienkompetenzen und des Bedarfs an deren Weiterentwicklung;<\/p>\n\n\n\n<p>&#8212; Vortrag und Diskussion \u00fcber die Entwicklung von Medien und sozialen Netzwerken in den letzten Jahrzehnten, einschlie\u00dflich der Fragen von Medienformaten, der Entwicklung von Audio- und Videoformaten und der sich wandelnden Rolle von Journalisten und anderen Erstellern von Medieninhalten;<\/p>\n\n\n\n<p>&#8212; die Ziele des Journalismus und der Journalisten von heute; die Hauptprobleme der Medien in der heutigen Zeit und m\u00f6gliche Wege zu ihrer L\u00f6sung;<\/p>\n\n\n\n<p>&#8212; verschiedene Nachrichtenformate: Analyse verschiedener Ans\u00e4tze der Nachrichtenberichterstattung, einschlie\u00dflich publikumsabh\u00e4ngiger Ans\u00e4tze;<\/p>\n\n\n\n<p>&#8212; Praktische \u00dcbungen zum Schreiben von Artikeln, zur Produktion eines Podcasts oder zur Vorbereitung einer Reihe von Beitr\u00e4gen in den sozialen Medien zu einem ausgew\u00e4hlten Thema;<\/p>\n\n\n\n<p>&#8212; eine Diskussion \u00fcber die Zukunft der Medien und m\u00f6gliche Medienprojekte, die auf den Medienm\u00e4rkten Osteuropas und Zentralasiens noch nicht vertreten sind;<\/p>\n\n\n\n<p>&#8212; Vorstellung deutschsprachiger Medien in Osteuropa und Zentralasien, Diskussion \u00fcber die M\u00f6glichkeit, f\u00fcr sie Materialien zur Ver\u00f6ffentlichung vorzubereiten.<\/p>\n\n\n<div class=\"wp-block-image is-style-default\">\n<figure class=\"aligncenter size-large\"><img decoding=\"async\" src=\"https:\/\/uzdeutsche.uz\/wp-content\/uploads\/2025\/09\/%D0%92-%D0%A2%D0%B0%D1%88%D0%BA%D0%B5%D0%BD%D1%82%D0%B5-%D0%BF%D1%80%D0%BE%D1%88%D0%B5%D0%BB-%D0%BC%D0%B5%D0%B6%D0%B4%D1%83%D0%BD%D0%B0%D1%80%D0%BE%D0%B4%D0%BD%D1%8B%D0%B9-%D0%BC%D0%B5%D0%B4%D0%B8%D0%B0%D1%81%D0%B5%D0%BC%D0%B8%D0%BD%D0%B0%D1%80-%D0%B4%D0%BB%D1%8F-%D0%BD%D0%B5%D0%BC%D0%B5%D1%86%D0%BA%D0%B8%D1%85-%D0%BC%D0%B5%D0%BD%D1%8C%D1%88%D0%B8%D0%BD%D1%81%D1%82%D0%B2-4-1024x768.jpg\" alt=\"\"\/><\/figure><\/div>\n\n\n<p>Der praktische Teil, bei dem die Teilnehmer ein interaktives Rollenspiel \u201eRotk\u00e4ppchen\u201c spielten, war von besonderem Interesse. Ein aus der Kindheit bekanntes M\u00e4rchen wurde zu einem Werkzeug, um dar\u00fcber nachzudenken, wie dieselbe Geschichte v\u00f6llig anders klingen kann, je nachdem, wer sie erz\u00e4hlt.<\/p>\n\n\n\n<p>Die Spieler versuchten, die Geschichte aus verschiedenen Blickwinkeln zu erz\u00e4hlen &#8212; von der Heldin selbst bis zum Wolf &#8212; und dabei auch die Zw\u00e4nge zu ber\u00fccksichtigen, mit denen Journalisten konfrontiert sind: die Eigenschaften des Publikums, die Position der Medieneigent\u00fcmer, die Interessen der Werbekunden und andere Faktoren. Diese Erfahrung hat uns in der Praxis gezeigt, dass Medieninhalte niemals neutral sind: Hinter jeder Ver\u00f6ffentlichung stehen spezifische Ziele, Ansichten und Ressourcen.<\/p>\n\n\n<div class=\"wp-block-image is-style-default\">\n<figure class=\"aligncenter size-large\"><img decoding=\"async\" src=\"https:\/\/uzdeutsche.uz\/wp-content\/uploads\/2025\/09\/%D0%92-%D0%A2%D0%B0%D1%88%D0%BA%D0%B5%D0%BD%D1%82%D0%B5-%D0%BF%D1%80%D0%BE%D1%88%D0%B5%D0%BB-%D0%BC%D0%B5%D0%B6%D0%B4%D1%83%D0%BD%D0%B0%D1%80%D0%BE%D0%B4%D0%BD%D1%8B%D0%B9-%D0%BC%D0%B5%D0%B4%D0%B8%D0%B0%D1%81%D0%B5%D0%BC%D0%B8%D0%BD%D0%B0%D1%80-%D0%B4%D0%BB%D1%8F-%D0%BD%D0%B5%D0%BC%D0%B5%D1%86%D0%BA%D0%B8%D1%85-%D0%BC%D0%B5%D0%BD%D1%8C%D1%88%D0%B8%D0%BD%D1%81%D1%82%D0%B2-5-1024x768.jpg\" alt=\"\"\/><\/figure><\/div>\n\n\n<p>Die wichtigste Schlussfolgerung aus dieser \u00dcbung ist einfach, aber f\u00fcr die heutige Informationswelt \u00e4u\u00dferst wichtig: Man sollte nicht der ersten Quelle voll und ganz vertrauen. Es ist notwendig, Fakten zu \u00fcberpr\u00fcfen, Versionen zu vergleichen und zu ber\u00fccksichtigen, wer ein Medienprodukt erstellt, wer es finanziert und f\u00fcr welches Publikum es bestimmt ist. Denn nur ein kritischer Blick auf Informationen kann uns dem wahren Bild der Ereignisse n\u00e4her bringen.<\/p>\n\n\n<div class=\"wp-block-image is-style-default\">\n<figure class=\"aligncenter size-large\"><img decoding=\"async\" src=\"https:\/\/uzdeutsche.uz\/wp-content\/uploads\/2025\/09\/%D0%92-%D0%A2%D0%B0%D1%88%D0%BA%D0%B5%D0%BD%D1%82%D0%B5-%D0%BF%D1%80%D0%BE%D1%88%D0%B5%D0%BB-%D0%BC%D0%B5%D0%B6%D0%B4%D1%83%D0%BD%D0%B0%D1%80%D0%BE%D0%B4%D0%BD%D1%8B%D0%B9-%D0%BC%D0%B5%D0%B4%D0%B8%D0%B0%D1%81%D0%B5%D0%BC%D0%B8%D0%BD%D0%B0%D1%80-%D0%B4%D0%BB%D1%8F-%D0%BD%D0%B5%D0%BC%D0%B5%D1%86%D0%BA%D0%B8%D1%85-%D0%BC%D0%B5%D0%BD%D1%8C%D1%88%D0%B8%D0%BD%D1%81%D1%82%D0%B2-6-768x1024.jpg\" alt=\"\"\/><\/figure><\/div>\n\n\n<p>Das Seminar wurde von Studenten und Aktivisten aus Jugendclubs besucht. Viele von ihnen haben bereits erste Erfahrungen in der Arbeit mit den Medien, merkten aber an, dass dieses Format &#8212; mit Live-Dialog, Mentoring und der M\u00f6glichkeit, durch praktische \u00dcbungen zu lernen &#8212; f\u00fcr sie besonders wertvoll war. Die Teilnehmer bedankten sich auch bei den Gastrednern f\u00fcr ihre informativen Vortr\u00e4ge und ihre Bereitschaft, ihre Erfahrungen zu teilen. Ihre Beitr\u00e4ge machten die Veranstaltung nicht nur n\u00fctzlich, sondern auch anregend f\u00fcr die weitere Arbeit.<\/p>\n\n\n<div class=\"wp-block-image is-style-default\">\n<figure class=\"aligncenter size-large\"><img decoding=\"async\" src=\"https:\/\/uzdeutsche.uz\/wp-content\/uploads\/2025\/09\/%D0%92-%D0%A2%D0%B0%D1%88%D0%BA%D0%B5%D0%BD%D1%82%D0%B5-%D0%BF%D1%80%D0%BE%D1%88%D0%B5%D0%BB-%D0%BC%D0%B5%D0%B6%D0%B4%D1%83%D0%BD%D0%B0%D1%80%D0%BE%D0%B4%D0%BD%D1%8B%D0%B9-%D0%BC%D0%B5%D0%B4%D0%B8%D0%B0%D1%81%D0%B5%D0%BC%D0%B8%D0%BD%D0%B0%D1%80-%D0%B4%D0%BB%D1%8F-%D0%BD%D0%B5%D0%BC%D0%B5%D1%86%D0%BA%D0%B8%D1%85-%D0%BC%D0%B5%D0%BD%D1%8C%D1%88%D0%B8%D0%BD%D1%81%D1%82%D0%B2-7-692x1024.jpg\" alt=\"\"\/><\/figure><\/div>\n\n\n<p>Unser Medienseminar ist noch nicht zu Ende &#8212; es liegen noch vier Monate intensiver Arbeit und anregender Treffen vor den Teilnehmern. Bis zum Ende des Jahres werden etwa acht Online-Kurse stattfinden, die jeweils die Gelegenheit bieten, neue Horizonte zu erschlie\u00dfen, Erfahrungen auszutauschen und die Medienwelt aus einem anderen Blickwinkel zu betrachten. Die Online-Treffen werden nicht nur dazu beitragen, das berufliche Wissen zu erweitern, sondern auch dazu, sich als Teil einer vereinten kreativen Gemeinschaft zu f\u00fchlen.<\/p>\n\n\n<div class=\"wp-block-image is-style-default\">\n<figure class=\"aligncenter size-large\"><img decoding=\"async\" src=\"https:\/\/uzdeutsche.uz\/wp-content\/uploads\/2025\/09\/%D0%92-%D0%A2%D0%B0%D1%88%D0%BA%D0%B5%D0%BD%D1%82%D0%B5-%D0%BF%D1%80%D0%BE%D1%88%D0%B5%D0%BB-%D0%BC%D0%B5%D0%B6%D0%B4%D1%83%D0%BD%D0%B0%D1%80%D0%BE%D0%B4%D0%BD%D1%8B%D0%B9-%D0%BC%D0%B5%D0%B4%D0%B8%D0%B0%D1%81%D0%B5%D0%BC%D0%B8%D0%BD%D0%B0%D1%80-%D0%B4%D0%BB%D1%8F-%D0%BD%D0%B5%D0%BC%D0%B5%D1%86%D0%BA%D0%B8%D1%85-%D0%BC%D0%B5%D0%BD%D1%8C%D1%88%D0%B8%D0%BD%D1%81%D1%82%D0%B2-8-1024x861.jpg\" alt=\"\"\/><\/figure><\/div>\n\n\n<p> Dieses Seminar war ein deutliches Beispiel daf\u00fcr, dass Medien nicht nur ein Werkzeug f\u00fcr Information, sondern auch f\u00fcr Identit\u00e4t, Dialog und Entwicklung sein k\u00f6nnen. Die deutschen Minderheiten, die durch geografische Grenzen getrennt sind, haben ein gemeinsames Ziel: die Bewahrung und F\u00f6rderung ihres kulturellen Erbes mit Hilfe moderner Technologien.<\/p>\n","protected":false},"excerpt":{"rendered":"<p>Das Kulturzentrum der Deutschen aus Usbekistan Wiedergeburt wurde zu einer Plattform f\u00fcr den Erfahrungsaustausch und die Entwicklung von Medienkompetenzen. Vom 20. bis 24. August 2025 veranstaltete das Kulturzentrum der Deutschen aus Usbekistan Wiedergeburt in Taschkent gemeinsam mit dem IFA (Institut f\u00fcr Auslandsbeziehungen) ein Medienseminar \u201eNiedrigschwellige Medienseminare f\u00fcr Vertreter deutscher Minderheiten in Zentralasien, dem Kaukasus und [&hellip;]<\/p>\n","protected":false},"author":1,"featured_media":1989,"comment_status":"closed","ping_status":"closed","sticky":false,"template":"","format":"standard","meta":{"ocean_post_layout":"","ocean_both_sidebars_style":"","ocean_both_sidebars_content_width":0,"ocean_both_sidebars_sidebars_width":0,"ocean_sidebar":"","ocean_second_sidebar":"","ocean_disable_margins":"enable","ocean_add_body_class":"","ocean_shortcode_before_top_bar":"","ocean_shortcode_after_top_bar":"","ocean_shortcode_before_header":"","ocean_shortcode_after_header":"","ocean_has_shortcode":"","ocean_shortcode_after_title":"","ocean_shortcode_before_footer_widgets":"","ocean_shortcode_after_footer_widgets":"","ocean_shortcode_before_footer_bottom":"","ocean_shortcode_after_footer_bottom":"","ocean_display_top_bar":"default","ocean_display_header":"default","ocean_header_style":"","ocean_center_header_left_menu":"","ocean_custom_header_template":"","ocean_custom_logo":0,"ocean_custom_retina_logo":0,"ocean_custom_logo_max_width":0,"ocean_custom_logo_tablet_max_width":0,"ocean_custom_logo_mobile_max_width":0,"ocean_custom_logo_max_height":0,"ocean_custom_logo_tablet_max_height":0,"ocean_custom_logo_mobile_max_height":0,"ocean_header_custom_menu":"","ocean_menu_typo_font_family":"","ocean_menu_typo_font_subset":"","ocean_menu_typo_font_size":0,"ocean_menu_typo_font_size_tablet":0,"ocean_menu_typo_font_size_mobile":0,"ocean_menu_typo_font_size_unit":"px","ocean_menu_typo_font_weight":"","ocean_menu_typo_font_weight_tablet":"","ocean_menu_typo_font_weight_mobile":"","ocean_menu_typo_transform":"","ocean_menu_typo_transform_tablet":"","ocean_menu_typo_transform_mobile":"","ocean_menu_typo_line_height":0,"ocean_menu_typo_line_height_tablet":0,"ocean_menu_typo_line_height_mobile":0,"ocean_menu_typo_line_height_unit":"","ocean_menu_typo_spacing":0,"ocean_menu_typo_spacing_tablet":0,"ocean_menu_typo_spacing_mobile":0,"ocean_menu_typo_spacing_unit":"","ocean_menu_link_color":"","ocean_menu_link_color_hover":"","ocean_menu_link_color_active":"","ocean_menu_link_background":"","ocean_menu_link_hover_background":"","ocean_menu_link_active_background":"","ocean_menu_social_links_bg":"","ocean_menu_social_hover_links_bg":"","ocean_menu_social_links_color":"","ocean_menu_social_hover_links_color":"","ocean_disable_title":"default","ocean_disable_heading":"default","ocean_post_title":"","ocean_post_subheading":"","ocean_post_title_style":"","ocean_post_title_background_color":"","ocean_post_title_background":0,"ocean_post_title_bg_image_position":"","ocean_post_title_bg_image_attachment":"","ocean_post_title_bg_image_repeat":"","ocean_post_title_bg_image_size":"","ocean_post_title_height":0,"ocean_post_title_bg_overlay":0.5,"ocean_post_title_bg_overlay_color":"","ocean_disable_breadcrumbs":"default","ocean_breadcrumbs_color":"","ocean_breadcrumbs_separator_color":"","ocean_breadcrumbs_links_color":"","ocean_breadcrumbs_links_hover_color":"","ocean_display_footer_widgets":"default","ocean_display_footer_bottom":"default","ocean_custom_footer_template":"","ocean_post_oembed":"","ocean_post_self_hosted_media":"","ocean_post_video_embed":"","ocean_link_format":"","ocean_link_format_target":"self","ocean_quote_format":"","ocean_quote_format_link":"post","ocean_gallery_link_images":"on","ocean_gallery_id":[],"jetpack_publicize_message":"","jetpack_is_tweetstorm":false,"jetpack_publicize_feature_enabled":true,"jetpack_social_post_already_shared":true,"jetpack_social_options":{"image_generator_settings":{"template":"highway","enabled":false}}},"categories":[87],"tags":[],"jetpack_publicize_connections":[],"jetpack_featured_media_url":"https:\/\/uzdeutsche.uz\/wp-content\/uploads\/2025\/09\/\u0412-\u0422\u0430\u0448\u043a\u0435\u043d\u0442\u0435-\u043f\u0440\u043e\u0448\u0435\u043b-\u043c\u0435\u0436\u0434\u0443\u043d\u0430\u0440\u043e\u0434\u043d\u044b\u0439-\u043c\u0435\u0434\u0438\u0430\u0441\u0435\u043c\u0438\u043d\u0430\u0440-\u0434\u043b\u044f-\u043d\u0435\u043c\u0435\u0446\u043a\u0438\u0445-\u043c\u0435\u043d\u044c\u0448\u0438\u043d\u0441\u0442\u0432-1.jpg","_links":{"self":[{"href":"https:\/\/uzdeutsche.uz\/index.php?rest_route=\/wp\/v2\/posts\/2008"}],"collection":[{"href":"https:\/\/uzdeutsche.uz\/index.php?rest_route=\/wp\/v2\/posts"}],"about":[{"href":"https:\/\/uzdeutsche.uz\/index.php?rest_route=\/wp\/v2\/types\/post"}],"author":[{"embeddable":true,"href":"https:\/\/uzdeutsche.uz\/index.php?rest_route=\/wp\/v2\/users\/1"}],"replies":[{"embeddable":true,"href":"https:\/\/uzdeutsche.uz\/index.php?rest_route=%2Fwp%2Fv2%2Fcomments&post=2008"}],"version-history":[{"count":3,"href":"https:\/\/uzdeutsche.uz\/index.php?rest_route=\/wp\/v2\/posts\/2008\/revisions"}],"predecessor-version":[{"id":2012,"href":"https:\/\/uzdeutsche.uz\/index.php?rest_route=\/wp\/v2\/posts\/2008\/revisions\/2012"}],"wp:featuredmedia":[{"embeddable":true,"href":"https:\/\/uzdeutsche.uz\/index.php?rest_route=\/wp\/v2\/media\/1989"}],"wp:attachment":[{"href":"https:\/\/uzdeutsche.uz\/index.php?rest_route=%2Fwp%2Fv2%2Fmedia&parent=2008"}],"wp:term":[{"taxonomy":"category","embeddable":true,"href":"https:\/\/uzdeutsche.uz\/index.php?rest_route=%2Fwp%2Fv2%2Fcategories&post=2008"},{"taxonomy":"post_tag","embeddable":true,"href":"https:\/\/uzdeutsche.uz\/index.php?rest_route=%2Fwp%2Fv2%2Ftags&post=2008"}],"curies":[{"name":"wp","href":"https:\/\/api.w.org\/{rel}","templated":true}]}}