{"id":1986,"date":"2025-09-02T18:02:28","date_gmt":"2025-09-02T13:02:28","guid":{"rendered":"https:\/\/uzdeutsche.uz\/?p=1986"},"modified":"2025-09-25T18:04:35","modified_gmt":"2025-09-25T13:04:35","slug":"eine-neue-schulzeit-im-kulturzentrum-der-deutschen-aus-usbekistan-wiedergeburt","status":"publish","type":"post","link":"https:\/\/uzdeutsche.uz\/?p=1986&lang=de","title":{"rendered":"Eine neue Schulzeit im Kulturzentrum der Deutschen aus Usbekistan Wiedergeburt"},"content":{"rendered":"\n<p>Der September ist traditionell eine Zeit des Neuanfangs und der Entdeckungen. Im Kulturzentrum der Deutschen Usbekistans Wiedergeburt beginnt die n\u00e4chste Studienzeit, und wir \u00f6ffnen wieder die T\u00fcren f\u00fcr alle, die Wissen, Entwicklung, Kreativit\u00e4t sowie die Erhaltung der Kultur, Traditionen und Br\u00e4uche des deutschen Volkes suchen.<\/p>\n\n\n<div class=\"wp-block-image is-style-default\">\n<figure class=\"aligncenter size-large\"><img decoding=\"async\" src=\"https:\/\/uzdeutsche.uz\/wp-content\/uploads\/2025\/09\/%D0%9D%D0%BE%D0%B2%D1%8B%D0%B9-%D1%83%D1%87%D0%B5%D0%B1%D0%BD%D1%8B%D0%B9-%D1%81%D0%B5%D0%B7%D0%BE%D0%BD-%D0%B2-%D0%9A%D1%83%D0%BB%D1%8C%D1%82%D1%83%D1%80%D0%BD%D0%BE%D0%BC-%D1%86%D0%B5%D0%BD%D1%82%D1%80%D0%B5-%D0%BD%D0%B5%D0%BC%D1%86%D0%B5%D0%B2-%D0%A3%D0%B7%D0%B1%D0%B5%D0%BA%D0%B8%D1%81%D1%82%D0%B0%D0%BD%D0%B0-Wiedergeburt-2-851x1024.jpg\" alt=\"\"\/><\/figure><\/div>\n\n\n<p>Besonderes Augenmerk wird dabei auf die deutsche Sprache gelegt. Der Unterricht wird in allen Regionalstellen &#8212; in Taschkent, Fergana, Samarkand und Buchara &#8212; stattfinden. Dies ist nicht nur eine Fortbildung, sondern ein wichtiger Schritt zur Bewahrung der kulturellen Identit\u00e4t und zur St\u00e4rkung des Selbstbewusstseins. Die Programme werden sich an alle Altersgruppen richten &#8212; von Vorschulkindern \u00fcber Studenten bis hin zu erwachsenen Zuh\u00f6rern und gesch\u00e4tzten Senioren.<\/p>\n\n\n<div class=\"wp-block-image is-style-default\">\n<figure class=\"aligncenter size-large\"><img decoding=\"async\" src=\"https:\/\/uzdeutsche.uz\/wp-content\/uploads\/2025\/09\/%D0%9D%D0%BE%D0%B2%D1%8B%D0%B9-%D1%83%D1%87%D0%B5%D0%B1%D0%BD%D1%8B%D0%B9-%D1%81%D0%B5%D0%B7%D0%BE%D0%BD-%D0%B2-%D0%9A%D1%83%D0%BB%D1%8C%D1%82%D1%83%D1%80%D0%BD%D0%BE%D0%BC-%D1%86%D0%B5%D0%BD%D1%82%D1%80%D0%B5-%D0%BD%D0%B5%D0%BC%D1%86%D0%B5%D0%B2-%D0%A3%D0%B7%D0%B1%D0%B5%D0%BA%D0%B8%D1%81%D1%82%D0%B0%D0%BD%D0%B0-Wiedergeburt-3-802x1024.jpg\" alt=\"\"\/><\/figure><\/div>\n\n\n<p>Neben dem Erlernen der Sprache wird das Zentrum auch kreative Aktivit\u00e4ten anbieten: Tanzen, Malen, Basteln, deutsche K\u00fcche, Chor, Erforschung von Traditionen und Br\u00e4uchen. Diese Zirkel und Gruppen werden nicht nur dazu beitragen, Talente zu entwickeln und neue Kenntnisse zu erwerben, sondern auch eine lebendige Verbindung zwischen den Generationen zu schaffen und das kulturelle Erbe der Vorfahren zu bewahren.<\/p>\n\n\n<div class=\"wp-block-image is-style-default\">\n<figure class=\"aligncenter size-large\"><img decoding=\"async\" src=\"https:\/\/uzdeutsche.uz\/wp-content\/uploads\/2025\/09\/%D0%9D%D0%BE%D0%B2%D1%8B%D0%B9-%D1%83%D1%87%D0%B5%D0%B1%D0%BD%D1%8B%D0%B9-%D1%81%D0%B5%D0%B7%D0%BE%D0%BD-%D0%B2-%D0%9A%D1%83%D0%BB%D1%8C%D1%82%D1%83%D1%80%D0%BD%D0%BE%D0%BC-%D1%86%D0%B5%D0%BD%D1%82%D1%80%D0%B5-%D0%BD%D0%B5%D0%BC%D1%86%D0%B5%D0%B2-%D0%A3%D0%B7%D0%B1%D0%B5%D0%BA%D0%B8%D1%81%D1%82%D0%B0%D0%BD%D0%B0-Wiedergeburt-4-1024x601.jpg\" alt=\"\"\/><\/figure><\/div>\n\n\n<p>Weitere Informationen \u00fcber das Programm und die Aktivit\u00e4ten sind in den Regionalb\u00fcros des Kulturzentrums Wiedergeburt erh\u00e4ltlich. Die neue Studiensaison verspricht, reichhaltig, interessant und n\u00fctzlich zu werden f\u00fcr alle, die Sprache und Kultur sch\u00e4tzen und nach st\u00e4ndiger Weiterentwicklung streben.<\/p>\n","protected":false},"excerpt":{"rendered":"<p>Der September ist traditionell eine Zeit des Neuanfangs und der Entdeckungen. Im Kulturzentrum der Deutschen Usbekistans Wiedergeburt beginnt die n\u00e4chste Studienzeit, und wir \u00f6ffnen wieder die T\u00fcren f\u00fcr alle, die Wissen, Entwicklung, Kreativit\u00e4t sowie die Erhaltung der Kultur, Traditionen und Br\u00e4uche des deutschen Volkes suchen. Besonderes Augenmerk wird dabei auf die deutsche Sprache gelegt. Der [&hellip;]<\/p>\n","protected":false},"author":1,"featured_media":1949,"comment_status":"closed","ping_status":"closed","sticky":false,"template":"","format":"standard","meta":{"ocean_post_layout":"","ocean_both_sidebars_style":"","ocean_both_sidebars_content_width":0,"ocean_both_sidebars_sidebars_width":0,"ocean_sidebar":"","ocean_second_sidebar":"","ocean_disable_margins":"enable","ocean_add_body_class":"","ocean_shortcode_before_top_bar":"","ocean_shortcode_after_top_bar":"","ocean_shortcode_before_header":"","ocean_shortcode_after_header":"","ocean_has_shortcode":"","ocean_shortcode_after_title":"","ocean_shortcode_before_footer_widgets":"","ocean_shortcode_after_footer_widgets":"","ocean_shortcode_before_footer_bottom":"","ocean_shortcode_after_footer_bottom":"","ocean_display_top_bar":"default","ocean_display_header":"default","ocean_header_style":"","ocean_center_header_left_menu":"","ocean_custom_header_template":"","ocean_custom_logo":0,"ocean_custom_retina_logo":0,"ocean_custom_logo_max_width":0,"ocean_custom_logo_tablet_max_width":0,"ocean_custom_logo_mobile_max_width":0,"ocean_custom_logo_max_height":0,"ocean_custom_logo_tablet_max_height":0,"ocean_custom_logo_mobile_max_height":0,"ocean_header_custom_menu":"","ocean_menu_typo_font_family":"","ocean_menu_typo_font_subset":"","ocean_menu_typo_font_size":0,"ocean_menu_typo_font_size_tablet":0,"ocean_menu_typo_font_size_mobile":0,"ocean_menu_typo_font_size_unit":"px","ocean_menu_typo_font_weight":"","ocean_menu_typo_font_weight_tablet":"","ocean_menu_typo_font_weight_mobile":"","ocean_menu_typo_transform":"","ocean_menu_typo_transform_tablet":"","ocean_menu_typo_transform_mobile":"","ocean_menu_typo_line_height":0,"ocean_menu_typo_line_height_tablet":0,"ocean_menu_typo_line_height_mobile":0,"ocean_menu_typo_line_height_unit":"","ocean_menu_typo_spacing":0,"ocean_menu_typo_spacing_tablet":0,"ocean_menu_typo_spacing_mobile":0,"ocean_menu_typo_spacing_unit":"","ocean_menu_link_color":"","ocean_menu_link_color_hover":"","ocean_menu_link_color_active":"","ocean_menu_link_background":"","ocean_menu_link_hover_background":"","ocean_menu_link_active_background":"","ocean_menu_social_links_bg":"","ocean_menu_social_hover_links_bg":"","ocean_menu_social_links_color":"","ocean_menu_social_hover_links_color":"","ocean_disable_title":"default","ocean_disable_heading":"default","ocean_post_title":"","ocean_post_subheading":"","ocean_post_title_style":"","ocean_post_title_background_color":"","ocean_post_title_background":0,"ocean_post_title_bg_image_position":"","ocean_post_title_bg_image_attachment":"","ocean_post_title_bg_image_repeat":"","ocean_post_title_bg_image_size":"","ocean_post_title_height":0,"ocean_post_title_bg_overlay":0.5,"ocean_post_title_bg_overlay_color":"","ocean_disable_breadcrumbs":"default","ocean_breadcrumbs_color":"","ocean_breadcrumbs_separator_color":"","ocean_breadcrumbs_links_color":"","ocean_breadcrumbs_links_hover_color":"","ocean_display_footer_widgets":"default","ocean_display_footer_bottom":"default","ocean_custom_footer_template":"","ocean_post_oembed":"","ocean_post_self_hosted_media":"","ocean_post_video_embed":"","ocean_link_format":"","ocean_link_format_target":"self","ocean_quote_format":"","ocean_quote_format_link":"post","ocean_gallery_link_images":"on","ocean_gallery_id":[],"jetpack_publicize_message":"","jetpack_is_tweetstorm":false,"jetpack_publicize_feature_enabled":true,"jetpack_social_post_already_shared":true,"jetpack_social_options":{"image_generator_settings":{"template":"highway","enabled":false}}},"categories":[87],"tags":[],"jetpack_publicize_connections":[],"jetpack_featured_media_url":"https:\/\/uzdeutsche.uz\/wp-content\/uploads\/2025\/09\/\u041d\u043e\u0432\u044b\u0439-\u0443\u0447\u0435\u0431\u043d\u044b\u0439-\u0441\u0435\u0437\u043e\u043d-\u0432-\u041a\u0443\u043b\u044c\u0442\u0443\u0440\u043d\u043e\u043c-\u0446\u0435\u043d\u0442\u0440\u0435-\u043d\u0435\u043c\u0446\u0435\u0432-\u0423\u0437\u0431\u0435\u043a\u0438\u0441\u0442\u0430\u043d\u0430-Wiedergeburt-scaled.jpg","_links":{"self":[{"href":"https:\/\/uzdeutsche.uz\/index.php?rest_route=\/wp\/v2\/posts\/1986"}],"collection":[{"href":"https:\/\/uzdeutsche.uz\/index.php?rest_route=\/wp\/v2\/posts"}],"about":[{"href":"https:\/\/uzdeutsche.uz\/index.php?rest_route=\/wp\/v2\/types\/post"}],"author":[{"embeddable":true,"href":"https:\/\/uzdeutsche.uz\/index.php?rest_route=\/wp\/v2\/users\/1"}],"replies":[{"embeddable":true,"href":"https:\/\/uzdeutsche.uz\/index.php?rest_route=%2Fwp%2Fv2%2Fcomments&post=1986"}],"version-history":[{"count":1,"href":"https:\/\/uzdeutsche.uz\/index.php?rest_route=\/wp\/v2\/posts\/1986\/revisions"}],"predecessor-version":[{"id":1987,"href":"https:\/\/uzdeutsche.uz\/index.php?rest_route=\/wp\/v2\/posts\/1986\/revisions\/1987"}],"wp:featuredmedia":[{"embeddable":true,"href":"https:\/\/uzdeutsche.uz\/index.php?rest_route=\/wp\/v2\/media\/1949"}],"wp:attachment":[{"href":"https:\/\/uzdeutsche.uz\/index.php?rest_route=%2Fwp%2Fv2%2Fmedia&parent=1986"}],"wp:term":[{"taxonomy":"category","embeddable":true,"href":"https:\/\/uzdeutsche.uz\/index.php?rest_route=%2Fwp%2Fv2%2Fcategories&post=1986"},{"taxonomy":"post_tag","embeddable":true,"href":"https:\/\/uzdeutsche.uz\/index.php?rest_route=%2Fwp%2Fv2%2Ftags&post=1986"}],"curies":[{"name":"wp","href":"https:\/\/api.w.org\/{rel}","templated":true}]}}