{"id":1605,"date":"2024-12-16T18:25:05","date_gmt":"2024-12-16T13:25:05","guid":{"rendered":"https:\/\/uzdeutsche.uz\/?p=1605"},"modified":"2024-12-29T18:26:52","modified_gmt":"2024-12-29T13:26:52","slug":"feier-zum-dritten-advent-in-der-regionalen-abteilung-des-kulturzentrums-der-deutschen-usbekistans-in-taschkent","status":"publish","type":"post","link":"https:\/\/uzdeutsche.uz\/?p=1605&lang=de","title":{"rendered":"Feier zum dritten Advent in der regionalen Abteilung des Kulturzentrums der Deutschen Usbekistans in Taschkent"},"content":{"rendered":"\n<p>Am 15. Dezember fand in der regionalen Abteilung Taschkent des Kulturzentrums der Deutschen in Usbekistan eine Feier zum dritten Advent statt. Dies ist ein wichtiger Teil der Vorbereitung auf die Weihnachtsfeiertage, so dass viele G\u00e4ste aller Altersgruppen an der Veranstaltung teilnahmen.<\/p>\n\n\n\n<p>Eine der wichtigsten Veranstaltungen des Tages war ein festliches Konzert. Traditionelle Weihnachtslieder, eine Theaterauff\u00fchrung, Tanznummern &#8212; alles fand in der Atmosph\u00e4re eines echten Festes statt. Eine interessante Erg\u00e4nzung des Programms war die Geschichte \u00fcber den Ursprung des Advents. Dabei handelt es sich um eine Geschichte \u00fcber das Symbol von Weihnachten, das vor zwei Jahrhunderten dank des lutherischen Pfarrers Johannes Wichern erstmals auftauchte. Das mit Kerzen geschm\u00fcckte Adventssingen verk\u00f6rpert die Vorfreude auf Weihnachten und hilft, die Wochen bis zum Fest herunterzuz\u00e4hlen. Diese Tradition wird auch heute noch in vielen Familien gepflegt.<\/p>\n\n\n\n<p>Ein fester Bestandteil des Programms ist immer ein Meisterkurs, bei dem die Teilnehmer ihre kreativen F\u00e4higkeiten unter Beweis stellen konnten. Unter Anleitung erfahrener Kunsthandwerker besch\u00e4ftigten sich Kinder und Erwachsene mit Handarbeiten und stellten Weihnachtsdekorationen her, die ein wunderbares Geschenk f\u00fcr die Liebsten oder eine Dekoration f\u00fcr das eigene Heim werden k\u00f6nnen.<\/p>\n\n\n\n<p>Die weihnachtlich geschm\u00fcckte Fotozone war besonders beliebt. Die G\u00e4ste machten Fotos vor dem Hintergrund des Weihnachtsbaums, der Girlanden und anderer Dekorationen und hielten so die sch\u00f6nen Momente des Festes in ihrer Erinnerung fest. Nach dem reichhaltigen Programm wartete eine gem\u00fctliche Teeecke auf sie. Bei traditionellem Geb\u00e4ck mit duftendem Tee und Kaffee konnten sich die Teilnehmer besser kennen lernen und in gem\u00fctlicher Atmosph\u00e4re Eindr\u00fccke austauschen.<\/p>\n\n\n\n<p>Die dritte Adventsveranstaltung hinterlie\u00df bei allen Teilnehmern und G\u00e4sten einen unvergesslichen Eindruck. Sie erinnerte an die Bedeutung weihnachtlicher Traditionen, an die Bedeutung der Kommunikation und an die Freude am gemeinsamen Schaffen. Solche Veranstaltungen st\u00e4rken die kulturellen Bindungen und bringen mehr W\u00e4rme und Licht ins Leben.<\/p>\n\n\n<div class=\"wp-block-image is-style-default\">\n<figure class=\"aligncenter size-large\"><img decoding=\"async\" src=\"https:\/\/uzdeutsche.uz\/wp-content\/uploads\/2024\/12\/%D0%9F%D1%80%D0%B0%D0%B7%D0%B4%D0%BD%D0%BE%D0%B2%D0%B0%D0%BD%D0%B8%D0%B5-%D1%82%D1%80%D0%B5%D1%82%D1%8C%D0%B5%D0%B3%D0%BE-%D0%90%D0%B4%D0%B2%D0%B5%D0%BD%D1%82%D0%B0-%D0%B2-%D0%A2%D0%B0%D1%88%D0%BA%D0%B5%D0%BD%D1%82%D1%81%D0%BA%D0%BE%D0%BC-%D0%BE%D0%B1%D0%BB%D0%B0%D1%81%D1%82%D0%BD%D0%BE%D0%BC-%D0%BE%D1%82%D0%B4%D0%B5%D0%BB%D0%B5%D0%BD%D0%B8%D0%B8-%D0%9A%D0%A6%D0%9D%D0%A3-2-1024x657.jpg\" alt=\"\"\/><\/figure><\/div>\n\n\n<p>Das Kulturzentrum der Deutschen aus Usbekistan setzt seine Aufgabe fort, die deutsche Kultur zu bewahren und zu f\u00f6rdern und M\u00f6glichkeiten zu schaffen, Menschen verschiedener Generationen und Nationalit\u00e4ten zusammenzubringen. Wir freuen uns auf neue Begegnungen und Feste, die weiterhin alle inspirieren und erfreuen werden.<\/p>\n\n\n\n<p>Die regionale Abteilung des Kulturzentrums der Deutschen aus Usbekistan in Taschkent l\u00e4dt alle ein, an k\u00fcnftigen Veranstaltungen teilzunehmen und den Reichtum der deutschen Kultur zu entdecken. M\u00f6ge jeder Advent Freude, W\u00e4rme und Licht in Ihre H\u00e4user bringen!<\/p>\n","protected":false},"excerpt":{"rendered":"<p>Am 15. Dezember fand in der regionalen Abteilung Taschkent des Kulturzentrums der Deutschen in Usbekistan eine Feier zum dritten Advent statt. Dies ist ein wichtiger Teil der Vorbereitung auf die Weihnachtsfeiertage, so dass viele G\u00e4ste aller Altersgruppen an der Veranstaltung teilnahmen. Eine der wichtigsten Veranstaltungen des Tages war ein festliches Konzert. Traditionelle Weihnachtslieder, eine Theaterauff\u00fchrung, [&hellip;]<\/p>\n","protected":false},"author":1,"featured_media":1599,"comment_status":"closed","ping_status":"closed","sticky":false,"template":"","format":"standard","meta":{"ocean_post_layout":"","ocean_both_sidebars_style":"","ocean_both_sidebars_content_width":0,"ocean_both_sidebars_sidebars_width":0,"ocean_sidebar":"","ocean_second_sidebar":"","ocean_disable_margins":"enable","ocean_add_body_class":"","ocean_shortcode_before_top_bar":"","ocean_shortcode_after_top_bar":"","ocean_shortcode_before_header":"","ocean_shortcode_after_header":"","ocean_has_shortcode":"","ocean_shortcode_after_title":"","ocean_shortcode_before_footer_widgets":"","ocean_shortcode_after_footer_widgets":"","ocean_shortcode_before_footer_bottom":"","ocean_shortcode_after_footer_bottom":"","ocean_display_top_bar":"default","ocean_display_header":"default","ocean_header_style":"","ocean_center_header_left_menu":"","ocean_custom_header_template":"","ocean_custom_logo":0,"ocean_custom_retina_logo":0,"ocean_custom_logo_max_width":0,"ocean_custom_logo_tablet_max_width":0,"ocean_custom_logo_mobile_max_width":0,"ocean_custom_logo_max_height":0,"ocean_custom_logo_tablet_max_height":0,"ocean_custom_logo_mobile_max_height":0,"ocean_header_custom_menu":"","ocean_menu_typo_font_family":"","ocean_menu_typo_font_subset":"","ocean_menu_typo_font_size":0,"ocean_menu_typo_font_size_tablet":0,"ocean_menu_typo_font_size_mobile":0,"ocean_menu_typo_font_size_unit":"px","ocean_menu_typo_font_weight":"","ocean_menu_typo_font_weight_tablet":"","ocean_menu_typo_font_weight_mobile":"","ocean_menu_typo_transform":"","ocean_menu_typo_transform_tablet":"","ocean_menu_typo_transform_mobile":"","ocean_menu_typo_line_height":0,"ocean_menu_typo_line_height_tablet":0,"ocean_menu_typo_line_height_mobile":0,"ocean_menu_typo_line_height_unit":"","ocean_menu_typo_spacing":0,"ocean_menu_typo_spacing_tablet":0,"ocean_menu_typo_spacing_mobile":0,"ocean_menu_typo_spacing_unit":"","ocean_menu_link_color":"","ocean_menu_link_color_hover":"","ocean_menu_link_color_active":"","ocean_menu_link_background":"","ocean_menu_link_hover_background":"","ocean_menu_link_active_background":"","ocean_menu_social_links_bg":"","ocean_menu_social_hover_links_bg":"","ocean_menu_social_links_color":"","ocean_menu_social_hover_links_color":"","ocean_disable_title":"default","ocean_disable_heading":"default","ocean_post_title":"","ocean_post_subheading":"","ocean_post_title_style":"","ocean_post_title_background_color":"","ocean_post_title_background":0,"ocean_post_title_bg_image_position":"","ocean_post_title_bg_image_attachment":"","ocean_post_title_bg_image_repeat":"","ocean_post_title_bg_image_size":"","ocean_post_title_height":0,"ocean_post_title_bg_overlay":0.5,"ocean_post_title_bg_overlay_color":"","ocean_disable_breadcrumbs":"default","ocean_breadcrumbs_color":"","ocean_breadcrumbs_separator_color":"","ocean_breadcrumbs_links_color":"","ocean_breadcrumbs_links_hover_color":"","ocean_display_footer_widgets":"default","ocean_display_footer_bottom":"default","ocean_custom_footer_template":"","ocean_post_oembed":"","ocean_post_self_hosted_media":"","ocean_post_video_embed":"","ocean_link_format":"","ocean_link_format_target":"self","ocean_quote_format":"","ocean_quote_format_link":"post","ocean_gallery_link_images":"on","ocean_gallery_id":[],"jetpack_publicize_message":"","jetpack_is_tweetstorm":false,"jetpack_publicize_feature_enabled":true,"jetpack_social_post_already_shared":true,"jetpack_social_options":{"image_generator_settings":{"template":"highway","enabled":false}}},"categories":[87],"tags":[],"jetpack_publicize_connections":[],"jetpack_featured_media_url":"https:\/\/uzdeutsche.uz\/wp-content\/uploads\/2024\/12\/\u041f\u0440\u0430\u0437\u0434\u043d\u043e\u0432\u0430\u043d\u0438\u0435-\u0442\u0440\u0435\u0442\u044c\u0435\u0433\u043e-\u0410\u0434\u0432\u0435\u043d\u0442\u0430-\u0432-\u0422\u0430\u0448\u043a\u0435\u043d\u0442\u0441\u043a\u043e\u043c-\u043e\u0431\u043b\u0430\u0441\u0442\u043d\u043e\u043c-\u043e\u0442\u0434\u0435\u043b\u0435\u043d\u0438\u0438-\u041a\u0426\u041d\u0423.jpg","_links":{"self":[{"href":"https:\/\/uzdeutsche.uz\/index.php?rest_route=\/wp\/v2\/posts\/1605"}],"collection":[{"href":"https:\/\/uzdeutsche.uz\/index.php?rest_route=\/wp\/v2\/posts"}],"about":[{"href":"https:\/\/uzdeutsche.uz\/index.php?rest_route=\/wp\/v2\/types\/post"}],"author":[{"embeddable":true,"href":"https:\/\/uzdeutsche.uz\/index.php?rest_route=\/wp\/v2\/users\/1"}],"replies":[{"embeddable":true,"href":"https:\/\/uzdeutsche.uz\/index.php?rest_route=%2Fwp%2Fv2%2Fcomments&post=1605"}],"version-history":[{"count":1,"href":"https:\/\/uzdeutsche.uz\/index.php?rest_route=\/wp\/v2\/posts\/1605\/revisions"}],"predecessor-version":[{"id":1606,"href":"https:\/\/uzdeutsche.uz\/index.php?rest_route=\/wp\/v2\/posts\/1605\/revisions\/1606"}],"wp:featuredmedia":[{"embeddable":true,"href":"https:\/\/uzdeutsche.uz\/index.php?rest_route=\/wp\/v2\/media\/1599"}],"wp:attachment":[{"href":"https:\/\/uzdeutsche.uz\/index.php?rest_route=%2Fwp%2Fv2%2Fmedia&parent=1605"}],"wp:term":[{"taxonomy":"category","embeddable":true,"href":"https:\/\/uzdeutsche.uz\/index.php?rest_route=%2Fwp%2Fv2%2Fcategories&post=1605"},{"taxonomy":"post_tag","embeddable":true,"href":"https:\/\/uzdeutsche.uz\/index.php?rest_route=%2Fwp%2Fv2%2Ftags&post=1605"}],"curies":[{"name":"wp","href":"https:\/\/api.w.org\/{rel}","templated":true}]}}