{"id":1549,"date":"2024-08-28T22:07:36","date_gmt":"2024-08-28T17:07:36","guid":{"rendered":"https:\/\/uzdeutsche.uz\/?p=1549"},"modified":"2024-10-23T22:11:39","modified_gmt":"2024-10-23T17:11:39","slug":"sommer-sprachlager-fur-jugendliche-2024","status":"publish","type":"post","link":"https:\/\/uzdeutsche.uz\/?p=1549&lang=de","title":{"rendered":"Sommer- Sprachlager f\u00fcr Jugendliche 2024"},"content":{"rendered":"\n<p>Am 19. August trafen sich die Aktivisten der regionalen Abteilungen des Deutschen Kulturzentrums in Usbekistan im Hotelkomplex Edelweiss am Rande des Chatkal-Gebirges. Hier, umgeben von einem wundersch\u00f6nen Bergpanorama und abseits der l\u00e4rmenden Stadt, fand zum zweiten Mal das sprachliche Sommerlager statt.<\/p>\n\n\n\n<p>Kinder aus Samarkand, Taschkent, Buchara und Fergana kamen aus ihren St\u00e4dten, um neue Kenntnisse zu erwerben und Deutsch zu \u00fcben, aber auch, um sich an der frischen Luft aktiv und gesund zu erholen.<\/p>\n\n\n\n<figure class=\"wp-block-image size-large is-style-default\"><img decoding=\"async\" src=\"https:\/\/uzdeutsche.uz\/wp-content\/uploads\/2024\/10\/%D0%9A%D0%B0%D0%BA_%D0%BF%D1%80%D0%BE%D1%88%D0%B5%D0%BB_%D0%9B%D0%B5%D1%82%D0%BD%D0%B8%D0%B9_%D0%BB%D0%B8%D0%BD%D0%B3%D0%B2%D0%B8%D1%81%D1%82%D0%B8%D1%87%D0%B5%D1%81%D0%BA%D0%B8%D0%B9_%D0%BB%D0%B0%D0%B3%D0%B5%D1%80%D1%8C_%D0%B4%D0%BB%D1%8F_%D0%BC%D0%BE%D0%BB%D0%BE%D0%B4%D0%B5%D0%B6%D0%B8_2-1024x987.jpg\" alt=\"\"\/><\/figure>\n\n\n\n<p>So war jeder Tag im Lager mit vielen sch\u00f6nen Eindr\u00fccken gef\u00fcllt. Der Morgen begann mit intensiven \u00dcbungen, begleitet von deutschen Schlagern und anderer fr\u00f6hlicher Musik. Nach einem ausgiebigen und schmackhaften Fr\u00fchst\u00fcck gingen die Kinder in den Unterricht.<\/p>\n\n\n\n<p>Jede Unterrichtsstunde wurde in Form eines spannenden Spiels gestaltet. Dank der Lehrer wurden Grammatikstunden und Gespr\u00e4che \u00fcber ernste Themen durch spannende Sprachspiele ersetzt. W\u00e4hrend dieser ungew\u00f6hnlichen Lektionen lernten die Kinder, \u00fcber sich selbst und ihre Freunde zu sprechen, erfuhren mehr \u00fcber die Traditionen der Wolgadeutschen oder \u00fcber politische Parteien. Und kleine Kaffeepausen halfen, die Energie wieder aufzuf\u00fcllen.<\/p>\n\n\n\n<p>Nach ein paar Stunden Lernen gingen die Jungen zum Mittagessen. Das Mittagessen war immer lecker, abwechslungsreich und nahrhaft. Danach hatten die Kinder Freizeit, in der jeder Teilnehmer etwas anderes tun konnte: Einige machten eine Radtour, andere stellten den Lehrern Fragen, und der Rest unterhielt sich einfach und hatte Spa\u00df.<\/p>\n\n\n\n<figure class=\"wp-block-image size-large is-style-default\"><img decoding=\"async\" src=\"https:\/\/uzdeutsche.uz\/wp-content\/uploads\/2024\/10\/%D0%9A%D0%B0%D0%BA_%D0%BF%D1%80%D0%BE%D1%88%D0%B5%D0%BB_%D0%9B%D0%B5%D1%82%D0%BD%D0%B8%D0%B9_%D0%BB%D0%B8%D0%BD%D0%B3%D0%B2%D0%B8%D1%81%D1%82%D0%B8%D1%87%D0%B5%D1%81%D0%BA%D0%B8%D0%B9_%D0%BB%D0%B0%D0%B3%D0%B5%D1%80%D1%8C_%D0%B4%D0%BB%D1%8F_%D0%BC%D0%BE%D0%BB%D0%BE%D0%B4%D0%B5%D0%B6%D0%B8_3-1024x839.jpg\" alt=\"\"\/><\/figure>\n\n\n\n<p>Um mehr \u00fcber die Arbeit der regionalen Abteilungen des Deutschen Kulturzentrums zu erfahren, gab es im Lager faszinierende Unterrichte zu sehen. Dank der Arbeit von Vitalia Lohrer war der Unterricht sehr interessant. Die Kinder planen, das in den Zentren erworbene Wissen in ihren St\u00e4dten anzuwenden.<\/p>\n\n\n\n<p>Um sich fit und aktiv zu halten, wechselte sich die Animation mit einem Besuch im Schwimmbad ab. Es gibt zwei Schwimmb\u00e4der, eines auf dem Gel\u00e4nde und das andere im obersten Stockwerk, von wo aus man einen herrlichen, malerischen Blick auf das Kumushkan-Gebirge hatte.<\/p>\n\n\n\n<p>Auch im Lager gab es Tanzunterricht. Die Kinder lernten T\u00e4nze der Wolgadeutschen, um sie bei der Abendveranstaltung vorzuf\u00fchren. Dank der Herangehensweise und der Erfahrung des Choreographen wurden alle T\u00e4nze den Jungs leicht und schnell beigebracht. So sorgten die Teilnehmer am letzten Tag einfach f\u00fcr Furore!<\/p>\n\n\n\n<p>Alle haben sich immer auf die Abendveranstaltungen gefreut. Dank der Freiwilligen und der Leiterin des Camps gab es verschiedene Spiele, Wettbewerbe und Shows. Am ersten Tag vertrat zum Beispiel jede Region ihre Stadt mit kreativen Visitenkarten. Die Jungs verwandelten sich in beliebte Stars, nahmen an einem Quiz teil und k\u00e4mpften um das Recht, \u201eHerr und Frau des Camps\u201c genannt zu werden. Diese Abende trugen dazu bei, dass sich alle besser kennenlernten und ihre Kreativit\u00e4t ausleben konnten.<\/p>\n\n\n\n<p>Diese sechs Tage des Camps vergingen wie im Flug. Am letzten Tag schrieben die Jungs Tests, dank derer alle ihre Fortschritte beim Deutschlernen sehen konnten. Alle haben auch festgestellt, dass das Camp wahnsinnig interessant und n\u00fctzlich war. Wir freuen uns schon auf ein solches Projekt im n\u00e4chsten Jahr, denn so viel Nutzen, Emotionen und Wissen bekommen wir nur im Sommer- Sprachlager f\u00fcr Jugendliche.<\/p>\n\n\n\n<figure class=\"wp-block-image size-large is-style-default\"><img decoding=\"async\" src=\"https:\/\/uzdeutsche.uz\/wp-content\/uploads\/2024\/10\/%D0%9A%D0%B0%D0%BA_%D0%BF%D1%80%D0%BE%D1%88%D0%B5%D0%BB_%D0%9B%D0%B5%D1%82%D0%BD%D0%B8%D0%B9_%D0%BB%D0%B8%D0%BD%D0%B3%D0%B2%D0%B8%D1%81%D1%82%D0%B8%D1%87%D0%B5%D1%81%D0%BA%D0%B8%D0%B9_%D0%BB%D0%B0%D0%B3%D0%B5%D1%80%D1%8C_%D0%B4%D0%BB%D1%8F_%D0%BC%D0%BE%D0%BB%D0%BE%D0%B4%D0%B5%D0%B6%D0%B8_4-1024x775.jpg\" alt=\"\"\/><\/figure>\n\n\n\n<p>Nach ihrer Ankunft zu Hause schrieben die Jungs mehrere Berichte, in denen sie ihre Eindr\u00fccke schilderten und ihre Dankbarkeit f\u00fcr die M\u00f6glichkeit der Teilnahme an solchen Projekten zum Ausdruck brachten.<\/p>\n\n\n\n<p>Diyor Ma&#8217;murov, Aktivist des Deutschzentrums: \u201eDieses Lager hat uns viele neue, positive Eindr\u00fccke und wertvolles Wissen vermittelt. Wir verbesserten unsere Deutschkenntnisse und lernten das Leben in Deutschland aus dem Mund eines Menschen kennen, der dort lebt. Das Essen war wunderbar, die Trickfilme waren interessant und beeindruckend. Nach dem Lager am letzten Tag sind wir durch Taschkent gelaufen und ich habe die Stra\u00dfen meiner Hauptstadt zum ersten Mal gesehen. Vielen Dank an die Organisatoren und Teilnehmer dieses Projekts. Ich bin sehr froh, dass ich mit allen zusammen teilgenommen habe.<\/p>\n\n\n\n<p>Kamilla Sabirova, Aktivistin des Deutschen Zentrums: \u201eDas Lager war wirklich wunderbar. Ich bin allen dankbar f\u00fcr die Organisation des Projekts und daf\u00fcr, dass wir die M\u00f6glichkeit hatten, einen so sch\u00f6nen Ort auch nur f\u00fcr eine Woche zu besuchen. Wir haben sehr gute Freundschaften mit den Menschen aus den anderen Regionen geschlossen, was unseren Abschied sogar traurig machte. Aber wir hoffen, dass wir n\u00e4chstes Jahr wieder an diesem Projekt teilnehmen k\u00f6nnen\u201c.<\/p>\n\n\n\n<p class=\"has-text-align-right\">Anastasia Tsaryova, Jugendleiterin von JK Jugendkreis<\/p>\n","protected":false},"excerpt":{"rendered":"<p>Am 19. August trafen sich die Aktivisten der regionalen Abteilungen des Deutschen Kulturzentrums in Usbekistan im Hotelkomplex Edelweiss am Rande des Chatkal-Gebirges. Hier, umgeben von einem wundersch\u00f6nen Bergpanorama und abseits der l\u00e4rmenden Stadt, fand zum zweiten Mal das sprachliche Sommerlager statt. Kinder aus Samarkand, Taschkent, Buchara und Fergana kamen aus ihren St\u00e4dten, um neue Kenntnisse [&hellip;]<\/p>\n","protected":false},"author":1,"featured_media":1508,"comment_status":"closed","ping_status":"closed","sticky":false,"template":"","format":"standard","meta":{"ocean_post_layout":"","ocean_both_sidebars_style":"","ocean_both_sidebars_content_width":0,"ocean_both_sidebars_sidebars_width":0,"ocean_sidebar":"","ocean_second_sidebar":"","ocean_disable_margins":"enable","ocean_add_body_class":"","ocean_shortcode_before_top_bar":"","ocean_shortcode_after_top_bar":"","ocean_shortcode_before_header":"","ocean_shortcode_after_header":"","ocean_has_shortcode":"","ocean_shortcode_after_title":"","ocean_shortcode_before_footer_widgets":"","ocean_shortcode_after_footer_widgets":"","ocean_shortcode_before_footer_bottom":"","ocean_shortcode_after_footer_bottom":"","ocean_display_top_bar":"default","ocean_display_header":"default","ocean_header_style":"","ocean_center_header_left_menu":"","ocean_custom_header_template":"","ocean_custom_logo":0,"ocean_custom_retina_logo":0,"ocean_custom_logo_max_width":0,"ocean_custom_logo_tablet_max_width":0,"ocean_custom_logo_mobile_max_width":0,"ocean_custom_logo_max_height":0,"ocean_custom_logo_tablet_max_height":0,"ocean_custom_logo_mobile_max_height":0,"ocean_header_custom_menu":"","ocean_menu_typo_font_family":"","ocean_menu_typo_font_subset":"","ocean_menu_typo_font_size":0,"ocean_menu_typo_font_size_tablet":0,"ocean_menu_typo_font_size_mobile":0,"ocean_menu_typo_font_size_unit":"px","ocean_menu_typo_font_weight":"","ocean_menu_typo_font_weight_tablet":"","ocean_menu_typo_font_weight_mobile":"","ocean_menu_typo_transform":"","ocean_menu_typo_transform_tablet":"","ocean_menu_typo_transform_mobile":"","ocean_menu_typo_line_height":0,"ocean_menu_typo_line_height_tablet":0,"ocean_menu_typo_line_height_mobile":0,"ocean_menu_typo_line_height_unit":"","ocean_menu_typo_spacing":0,"ocean_menu_typo_spacing_tablet":0,"ocean_menu_typo_spacing_mobile":0,"ocean_menu_typo_spacing_unit":"","ocean_menu_link_color":"","ocean_menu_link_color_hover":"","ocean_menu_link_color_active":"","ocean_menu_link_background":"","ocean_menu_link_hover_background":"","ocean_menu_link_active_background":"","ocean_menu_social_links_bg":"","ocean_menu_social_hover_links_bg":"","ocean_menu_social_links_color":"","ocean_menu_social_hover_links_color":"","ocean_disable_title":"default","ocean_disable_heading":"default","ocean_post_title":"","ocean_post_subheading":"","ocean_post_title_style":"","ocean_post_title_background_color":"","ocean_post_title_background":0,"ocean_post_title_bg_image_position":"","ocean_post_title_bg_image_attachment":"","ocean_post_title_bg_image_repeat":"","ocean_post_title_bg_image_size":"","ocean_post_title_height":0,"ocean_post_title_bg_overlay":0.5,"ocean_post_title_bg_overlay_color":"","ocean_disable_breadcrumbs":"default","ocean_breadcrumbs_color":"","ocean_breadcrumbs_separator_color":"","ocean_breadcrumbs_links_color":"","ocean_breadcrumbs_links_hover_color":"","ocean_display_footer_widgets":"default","ocean_display_footer_bottom":"default","ocean_custom_footer_template":"","ocean_post_oembed":"","ocean_post_self_hosted_media":"","ocean_post_video_embed":"","ocean_link_format":"","ocean_link_format_target":"self","ocean_quote_format":"","ocean_quote_format_link":"post","ocean_gallery_link_images":"on","ocean_gallery_id":[],"jetpack_publicize_message":"","jetpack_is_tweetstorm":false,"jetpack_publicize_feature_enabled":true,"jetpack_social_post_already_shared":true,"jetpack_social_options":{"image_generator_settings":{"template":"highway","enabled":false}}},"categories":[87],"tags":[],"jetpack_publicize_connections":[],"jetpack_featured_media_url":"https:\/\/uzdeutsche.uz\/wp-content\/uploads\/2024\/10\/\u041a\u0430\u043a_\u043f\u0440\u043e\u0448\u0435\u043b_\u041b\u0435\u0442\u043d\u0438\u0439_\u043b\u0438\u043d\u0433\u0432\u0438\u0441\u0442\u0438\u0447\u0435\u0441\u043a\u0438\u0439_\u043b\u0430\u0433\u0435\u0440\u044c_\u0434\u043b\u044f_\u043c\u043e\u043b\u043e\u0434\u0435\u0436\u0438_2024-scaled.jpg","_links":{"self":[{"href":"https:\/\/uzdeutsche.uz\/index.php?rest_route=\/wp\/v2\/posts\/1549"}],"collection":[{"href":"https:\/\/uzdeutsche.uz\/index.php?rest_route=\/wp\/v2\/posts"}],"about":[{"href":"https:\/\/uzdeutsche.uz\/index.php?rest_route=\/wp\/v2\/types\/post"}],"author":[{"embeddable":true,"href":"https:\/\/uzdeutsche.uz\/index.php?rest_route=\/wp\/v2\/users\/1"}],"replies":[{"embeddable":true,"href":"https:\/\/uzdeutsche.uz\/index.php?rest_route=%2Fwp%2Fv2%2Fcomments&post=1549"}],"version-history":[{"count":1,"href":"https:\/\/uzdeutsche.uz\/index.php?rest_route=\/wp\/v2\/posts\/1549\/revisions"}],"predecessor-version":[{"id":1550,"href":"https:\/\/uzdeutsche.uz\/index.php?rest_route=\/wp\/v2\/posts\/1549\/revisions\/1550"}],"wp:featuredmedia":[{"embeddable":true,"href":"https:\/\/uzdeutsche.uz\/index.php?rest_route=\/wp\/v2\/media\/1508"}],"wp:attachment":[{"href":"https:\/\/uzdeutsche.uz\/index.php?rest_route=%2Fwp%2Fv2%2Fmedia&parent=1549"}],"wp:term":[{"taxonomy":"category","embeddable":true,"href":"https:\/\/uzdeutsche.uz\/index.php?rest_route=%2Fwp%2Fv2%2Fcategories&post=1549"},{"taxonomy":"post_tag","embeddable":true,"href":"https:\/\/uzdeutsche.uz\/index.php?rest_route=%2Fwp%2Fv2%2Ftags&post=1549"}],"curies":[{"name":"wp","href":"https:\/\/api.w.org\/{rel}","templated":true}]}}