{"id":1528,"date":"2024-09-17T16:54:34","date_gmt":"2024-09-17T11:54:34","guid":{"rendered":"https:\/\/uzdeutsche.uz\/?p=1528"},"modified":"2024-10-03T15:32:46","modified_gmt":"2024-10-03T10:32:46","slug":"deutsche-minderheit-in-usbekistan-trifft-bundeskanzler-scholz-und-innenministerin-faeser","status":"publish","type":"post","link":"https:\/\/uzdeutsche.uz\/?p=1528&lang=de","title":{"rendered":"Treffen mit Bundeskanzler Olaf Scholz"},"content":{"rendered":"\n<p>Am 15. September 2024 traf der deutsche Bundeskanzler Olaf Scholz zu einem offiziellen Besuch in Usbekistan ein.<\/p>\n\n\n<div class=\"wp-block-image is-style-default\">\n<figure class=\"aligncenter size-large\"><img decoding=\"async\" loading=\"lazy\" width=\"1024\" height=\"882\" src=\"http:\/\/uzdeutsche.uz\/wp-content\/uploads\/2024\/09\/\u0412\u0441\u0442\u0440\u0435\u0447\u0430-\u0441-\u043a\u0430\u043d\u0446\u043b\u0435\u0440\u043e\u043c-\u041e\u043b\u0430\u0444\u043e\u043c-\u0428\u043e\u043b\u044c\u0446\u0435\u043c-2-1024x882.jpg\" alt=\"\" class=\"wp-image-1539\" srcset=\"https:\/\/uzdeutsche.uz\/wp-content\/uploads\/2024\/09\/\u0412\u0441\u0442\u0440\u0435\u0447\u0430-\u0441-\u043a\u0430\u043d\u0446\u043b\u0435\u0440\u043e\u043c-\u041e\u043b\u0430\u0444\u043e\u043c-\u0428\u043e\u043b\u044c\u0446\u0435\u043c-2-1024x882.jpg 1024w, https:\/\/uzdeutsche.uz\/wp-content\/uploads\/2024\/09\/\u0412\u0441\u0442\u0440\u0435\u0447\u0430-\u0441-\u043a\u0430\u043d\u0446\u043b\u0435\u0440\u043e\u043c-\u041e\u043b\u0430\u0444\u043e\u043c-\u0428\u043e\u043b\u044c\u0446\u0435\u043c-2-300x259.jpg 300w, https:\/\/uzdeutsche.uz\/wp-content\/uploads\/2024\/09\/\u0412\u0441\u0442\u0440\u0435\u0447\u0430-\u0441-\u043a\u0430\u043d\u0446\u043b\u0435\u0440\u043e\u043c-\u041e\u043b\u0430\u0444\u043e\u043c-\u0428\u043e\u043b\u044c\u0446\u0435\u043c-2-768x662.jpg 768w, https:\/\/uzdeutsche.uz\/wp-content\/uploads\/2024\/09\/\u0412\u0441\u0442\u0440\u0435\u0447\u0430-\u0441-\u043a\u0430\u043d\u0446\u043b\u0435\u0440\u043e\u043c-\u041e\u043b\u0430\u0444\u043e\u043c-\u0428\u043e\u043b\u044c\u0446\u0435\u043c-2.jpg 1114w\" sizes=\"(max-width: 1024px) 100vw, 1024px\" \/><\/figure><\/div>\n\n\n<p> Der Arbeitsplan des hochrangigen Gastes war auf die Minute genau geplant und das Treffen mit Vertretern der deutschen Minderheit war zun\u00e4chst nicht vorgesehen.<\/p>\n\n\n<div class=\"wp-block-image is-style-default\">\n<figure class=\"aligncenter size-full\"><img decoding=\"async\" loading=\"lazy\" width=\"960\" height=\"720\" src=\"https:\/\/uzdeutsche.uz\/wp-content\/uploads\/2024\/10\/\u0412\u0441\u0442\u0440\u0435\u0447\u0430-\u0441-\u043a\u0430\u043d\u0446\u043b\u0435\u0440\u043e\u043c-\u041e\u043b\u0430\u0444\u043e\u043c-\u0428\u043e\u043b\u044c\u0446\u0435\u043c-5-1.jpg\" alt=\"\" class=\"wp-image-1540\" srcset=\"https:\/\/uzdeutsche.uz\/wp-content\/uploads\/2024\/10\/\u0412\u0441\u0442\u0440\u0435\u0447\u0430-\u0441-\u043a\u0430\u043d\u0446\u043b\u0435\u0440\u043e\u043c-\u041e\u043b\u0430\u0444\u043e\u043c-\u0428\u043e\u043b\u044c\u0446\u0435\u043c-5-1.jpg 960w, https:\/\/uzdeutsche.uz\/wp-content\/uploads\/2024\/10\/\u0412\u0441\u0442\u0440\u0435\u0447\u0430-\u0441-\u043a\u0430\u043d\u0446\u043b\u0435\u0440\u043e\u043c-\u041e\u043b\u0430\u0444\u043e\u043c-\u0428\u043e\u043b\u044c\u0446\u0435\u043c-5-1-300x225.jpg 300w, https:\/\/uzdeutsche.uz\/wp-content\/uploads\/2024\/10\/\u0412\u0441\u0442\u0440\u0435\u0447\u0430-\u0441-\u043a\u0430\u043d\u0446\u043b\u0435\u0440\u043e\u043c-\u041e\u043b\u0430\u0444\u043e\u043c-\u0428\u043e\u043b\u044c\u0446\u0435\u043c-5-1-768x576.jpg 768w\" sizes=\"(max-width: 960px) 100vw, 960px\" \/><\/figure><\/div>\n\n\n<p>Doch trotz seines vollen Terminkalenders nahm sich der deutsche Regierungschef Zeit und traf sich mit dem Vorsitzenden und den Aktivisten des Kulturzentrums der Deutschen Usbekistans \u201eWiedergeburt\u201c.<\/p>\n\n\n<div class=\"wp-block-image is-style-default\">\n<figure class=\"aligncenter size-large\"><img decoding=\"async\" loading=\"lazy\" width=\"576\" height=\"1024\" src=\"https:\/\/uzdeutsche.uz\/wp-content\/uploads\/2024\/10\/\u0412\u0441\u0442\u0440\u0435\u0447\u0430-\u0441-\u043a\u0430\u043d\u0446\u043b\u0435\u0440\u043e\u043c-\u041e\u043b\u0430\u0444\u043e\u043c-\u0428\u043e\u043b\u044c\u0446\u0435\u043c-3-1-576x1024.jpg\" alt=\"\" class=\"wp-image-1541\" srcset=\"https:\/\/uzdeutsche.uz\/wp-content\/uploads\/2024\/10\/\u0412\u0441\u0442\u0440\u0435\u0447\u0430-\u0441-\u043a\u0430\u043d\u0446\u043b\u0435\u0440\u043e\u043c-\u041e\u043b\u0430\u0444\u043e\u043c-\u0428\u043e\u043b\u044c\u0446\u0435\u043c-3-1-576x1024.jpg 576w, https:\/\/uzdeutsche.uz\/wp-content\/uploads\/2024\/10\/\u0412\u0441\u0442\u0440\u0435\u0447\u0430-\u0441-\u043a\u0430\u043d\u0446\u043b\u0435\u0440\u043e\u043c-\u041e\u043b\u0430\u0444\u043e\u043c-\u0428\u043e\u043b\u044c\u0446\u0435\u043c-3-1-169x300.jpg 169w, https:\/\/uzdeutsche.uz\/wp-content\/uploads\/2024\/10\/\u0412\u0441\u0442\u0440\u0435\u0447\u0430-\u0441-\u043a\u0430\u043d\u0446\u043b\u0435\u0440\u043e\u043c-\u041e\u043b\u0430\u0444\u043e\u043c-\u0428\u043e\u043b\u044c\u0446\u0435\u043c-3-1.jpg 720w\" sizes=\"(max-width: 576px) 100vw, 576px\" \/><\/figure><\/div>\n\n\n<p>Das Gespr\u00e4ch war kurz, aber sehr herzlich. Der Vorsitzende des DKuZs f\u00fchrte den Bundeskanzler kurz in die Aktivit\u00e4ten des Zentrums und das Leben der ethnischen Deutschen in Usbekistan ein.<\/p>\n\n\n<div class=\"wp-block-image is-style-default\">\n<figure class=\"aligncenter size-large\"><img decoding=\"async\" loading=\"lazy\" width=\"576\" height=\"1024\" src=\"https:\/\/uzdeutsche.uz\/wp-content\/uploads\/2024\/10\/\u0412\u0441\u0442\u0440\u0435\u0447\u0430-\u0441-\u043a\u0430\u043d\u0446\u043b\u0435\u0440\u043e\u043c-\u041e\u043b\u0430\u0444\u043e\u043c-\u0428\u043e\u043b\u044c\u0446\u0435\u043c-4-1-576x1024.jpg\" alt=\"\" class=\"wp-image-1542\" srcset=\"https:\/\/uzdeutsche.uz\/wp-content\/uploads\/2024\/10\/\u0412\u0441\u0442\u0440\u0435\u0447\u0430-\u0441-\u043a\u0430\u043d\u0446\u043b\u0435\u0440\u043e\u043c-\u041e\u043b\u0430\u0444\u043e\u043c-\u0428\u043e\u043b\u044c\u0446\u0435\u043c-4-1-576x1024.jpg 576w, https:\/\/uzdeutsche.uz\/wp-content\/uploads\/2024\/10\/\u0412\u0441\u0442\u0440\u0435\u0447\u0430-\u0441-\u043a\u0430\u043d\u0446\u043b\u0435\u0440\u043e\u043c-\u041e\u043b\u0430\u0444\u043e\u043c-\u0428\u043e\u043b\u044c\u0446\u0435\u043c-4-1-169x300.jpg 169w, https:\/\/uzdeutsche.uz\/wp-content\/uploads\/2024\/10\/\u0412\u0441\u0442\u0440\u0435\u0447\u0430-\u0441-\u043a\u0430\u043d\u0446\u043b\u0435\u0440\u043e\u043c-\u041e\u043b\u0430\u0444\u043e\u043c-\u0428\u043e\u043b\u044c\u0446\u0435\u043c-4-1.jpg 720w\" sizes=\"(max-width: 576px) 100vw, 576px\" \/><\/figure><\/div>\n\n\n<p>Das lang ersehnte Treffen wurde in einer langen Erinnerung festgehalten.<\/p>\n","protected":false},"excerpt":{"rendered":"<p>Am 15. September 2024 traf der deutsche Bundeskanzler Olaf Scholz zu einem offiziellen Besuch in Usbekistan ein. Der Arbeitsplan des hochrangigen Gastes war auf die Minute genau geplant und das Treffen mit Vertretern der deutschen Minderheit war zun\u00e4chst nicht vorgesehen. Doch trotz seines vollen Terminkalenders nahm sich der deutsche Regierungschef Zeit und traf sich mit [&hellip;]<\/p>\n","protected":false},"author":1,"featured_media":1526,"comment_status":"closed","ping_status":"closed","sticky":false,"template":"","format":"standard","meta":{"ocean_post_layout":"","ocean_both_sidebars_style":"","ocean_both_sidebars_content_width":0,"ocean_both_sidebars_sidebars_width":0,"ocean_sidebar":"","ocean_second_sidebar":"","ocean_disable_margins":"enable","ocean_add_body_class":"","ocean_shortcode_before_top_bar":"","ocean_shortcode_after_top_bar":"","ocean_shortcode_before_header":"","ocean_shortcode_after_header":"","ocean_has_shortcode":"","ocean_shortcode_after_title":"","ocean_shortcode_before_footer_widgets":"","ocean_shortcode_after_footer_widgets":"","ocean_shortcode_before_footer_bottom":"","ocean_shortcode_after_footer_bottom":"","ocean_display_top_bar":"default","ocean_display_header":"default","ocean_header_style":"","ocean_center_header_left_menu":"","ocean_custom_header_template":"","ocean_custom_logo":0,"ocean_custom_retina_logo":0,"ocean_custom_logo_max_width":0,"ocean_custom_logo_tablet_max_width":0,"ocean_custom_logo_mobile_max_width":0,"ocean_custom_logo_max_height":0,"ocean_custom_logo_tablet_max_height":0,"ocean_custom_logo_mobile_max_height":0,"ocean_header_custom_menu":"","ocean_menu_typo_font_family":"","ocean_menu_typo_font_subset":"","ocean_menu_typo_font_size":0,"ocean_menu_typo_font_size_tablet":0,"ocean_menu_typo_font_size_mobile":0,"ocean_menu_typo_font_size_unit":"px","ocean_menu_typo_font_weight":"","ocean_menu_typo_font_weight_tablet":"","ocean_menu_typo_font_weight_mobile":"","ocean_menu_typo_transform":"","ocean_menu_typo_transform_tablet":"","ocean_menu_typo_transform_mobile":"","ocean_menu_typo_line_height":0,"ocean_menu_typo_line_height_tablet":0,"ocean_menu_typo_line_height_mobile":0,"ocean_menu_typo_line_height_unit":"","ocean_menu_typo_spacing":0,"ocean_menu_typo_spacing_tablet":0,"ocean_menu_typo_spacing_mobile":0,"ocean_menu_typo_spacing_unit":"","ocean_menu_link_color":"","ocean_menu_link_color_hover":"","ocean_menu_link_color_active":"","ocean_menu_link_background":"","ocean_menu_link_hover_background":"","ocean_menu_link_active_background":"","ocean_menu_social_links_bg":"","ocean_menu_social_hover_links_bg":"","ocean_menu_social_links_color":"","ocean_menu_social_hover_links_color":"","ocean_disable_title":"default","ocean_disable_heading":"default","ocean_post_title":"","ocean_post_subheading":"","ocean_post_title_style":"","ocean_post_title_background_color":"","ocean_post_title_background":0,"ocean_post_title_bg_image_position":"","ocean_post_title_bg_image_attachment":"","ocean_post_title_bg_image_repeat":"","ocean_post_title_bg_image_size":"","ocean_post_title_height":0,"ocean_post_title_bg_overlay":0.5,"ocean_post_title_bg_overlay_color":"","ocean_disable_breadcrumbs":"default","ocean_breadcrumbs_color":"","ocean_breadcrumbs_separator_color":"","ocean_breadcrumbs_links_color":"","ocean_breadcrumbs_links_hover_color":"","ocean_display_footer_widgets":"default","ocean_display_footer_bottom":"default","ocean_custom_footer_template":"","ocean_post_oembed":"","ocean_post_self_hosted_media":"","ocean_post_video_embed":"","ocean_link_format":"","ocean_link_format_target":"self","ocean_quote_format":"","ocean_quote_format_link":"post","ocean_gallery_link_images":"on","ocean_gallery_id":[],"jetpack_publicize_message":"","jetpack_is_tweetstorm":false,"jetpack_publicize_feature_enabled":true,"jetpack_social_post_already_shared":true,"jetpack_social_options":{"image_generator_settings":{"template":"highway","enabled":false}}},"categories":[87],"tags":[],"jetpack_publicize_connections":[],"jetpack_featured_media_url":"https:\/\/uzdeutsche.uz\/wp-content\/uploads\/2024\/10\/\u041d\u0435\u043c\u0435\u0446\u043a\u043e\u0435-\u043c\u0435\u043d\u044c\u0448\u0438\u043d\u0441\u0442\u0432\u043e-\u0432-\u0423\u0437\u0431\u0435\u043a\u0438\u0441\u0442\u0430\u043d\u0435-\u0432\u0441\u0442\u0440\u0435\u0442\u0438\u043b\u043e\u0441\u044c-\u0441-\u043a\u0430\u043d\u0446\u043b\u0435\u0440\u043e\u043c-\u0428\u043e\u043b\u044c\u0446\u0435\u043c-\u0438-\u043c\u0438\u043d\u0438\u0441\u0442\u0440\u043e\u043c-\u0432\u043d\u0443\u0442\u0440\u0435\u043d\u043d\u0438\u0445-\u0434\u0435\u043b-\u0424\u0430\u0437\u0435\u0440\u043e\u043c.jpg","_links":{"self":[{"href":"https:\/\/uzdeutsche.uz\/index.php?rest_route=\/wp\/v2\/posts\/1528"}],"collection":[{"href":"https:\/\/uzdeutsche.uz\/index.php?rest_route=\/wp\/v2\/posts"}],"about":[{"href":"https:\/\/uzdeutsche.uz\/index.php?rest_route=\/wp\/v2\/types\/post"}],"author":[{"embeddable":true,"href":"https:\/\/uzdeutsche.uz\/index.php?rest_route=\/wp\/v2\/users\/1"}],"replies":[{"embeddable":true,"href":"https:\/\/uzdeutsche.uz\/index.php?rest_route=%2Fwp%2Fv2%2Fcomments&post=1528"}],"version-history":[{"count":2,"href":"https:\/\/uzdeutsche.uz\/index.php?rest_route=\/wp\/v2\/posts\/1528\/revisions"}],"predecessor-version":[{"id":1543,"href":"https:\/\/uzdeutsche.uz\/index.php?rest_route=\/wp\/v2\/posts\/1528\/revisions\/1543"}],"wp:featuredmedia":[{"embeddable":true,"href":"https:\/\/uzdeutsche.uz\/index.php?rest_route=\/wp\/v2\/media\/1526"}],"wp:attachment":[{"href":"https:\/\/uzdeutsche.uz\/index.php?rest_route=%2Fwp%2Fv2%2Fmedia&parent=1528"}],"wp:term":[{"taxonomy":"category","embeddable":true,"href":"https:\/\/uzdeutsche.uz\/index.php?rest_route=%2Fwp%2Fv2%2Fcategories&post=1528"},{"taxonomy":"post_tag","embeddable":true,"href":"https:\/\/uzdeutsche.uz\/index.php?rest_route=%2Fwp%2Fv2%2Ftags&post=1528"}],"curies":[{"name":"wp","href":"https:\/\/api.w.org\/{rel}","templated":true}]}}