{"id":1504,"date":"2024-09-15T20:04:15","date_gmt":"2024-09-15T15:04:15","guid":{"rendered":"https:\/\/uzdeutsche.uz\/?p=1504"},"modified":"2024-09-16T20:07:15","modified_gmt":"2024-09-16T15:07:15","slug":"dkuz-wiedergeburt-trafen-sich-mit-nancy-faeser-ministerin-fur-inneres-und-heimat-der-brd","status":"publish","type":"post","link":"https:\/\/uzdeutsche.uz\/?p=1504&lang=de","title":{"rendered":"DKuZ &#171;Wiedergeburt\u201c trafen sich mit Nancy Faeser, Ministerin f\u00fcr Inneres und Heimat der BRD"},"content":{"rendered":"\n<p>Heute, am 15.09.2024, fand das Treffen der Vertreter des Kulturzentrums der Deutschen aus Usbekistan &#171;WIedergeburt&#187; mit der Ministerin f\u00fcr Inneres und Heimat der Bundesrepublik Deutschland Frau Nancy Faeser statt. W\u00e4hrend des Treffens dr\u00fcckte die Vorsitzende des Kulturzentrums der Deutschen Usbekistans &#171;Wiedergeburt&#187;, Frau Mironova, ihre tiefe Dankbarkeit f\u00fcr die Durchf\u00fchrung eines Programms zur Unterst\u00fctzung der deutschen Minderheit in Usbekistan aus. Vertreter des Kulturzentrums der Deutschen Usbekistans &#171;Wiedergeburt&#187; informierten Frau Faeser \u00fcber die Schwerpunkte der Arbeit des Kulturzentrums.<\/p>\n\n\n\n<p>Frau Faeser wies auf die Bedeutung der Umsetzung von Projekten im Rahmen des Programms zur Unterst\u00fctzung der deutschen Minderheit im Ausland hin und betonte die Priorit\u00e4t der Entwicklung der Jugendarbeit, deren Einzelheiten von Frau Lorer, der Vorsitzenden der Jugendbewegung der Deutschen Usbekistans, detailliert beschrieben wurden.<\/p>\n\n\n\n<p>Im Rahmen des Treffens wurden Themen wie die weitere Entwicklung der Zusammenarbeit mit den deutschen Partnerorganisationen LMDR JSDR IFA sowie die Notwendigkeit, die demokratische Basis der Arbeit der Selbstorganisation der Deutschen Usbekistans zu erhalten, angesprochen.<\/p>\n\n\n<div class=\"wp-block-image is-style-default\">\n<figure class=\"aligncenter size-full\"><img decoding=\"async\" loading=\"lazy\" width=\"687\" height=\"902\" src=\"http:\/\/uzdeutsche.uz\/wp-content\/uploads\/2024\/09\/\u041f\u0440\u0435\u0434\u0441\u0442\u0430\u0432\u0438\u0442\u0435\u043b\u0438-\u041a\u0426\u041d\u0423-\u0432\u0441\u0442\u0440\u0435\u0442\u0438\u043b\u0438\u0441\u044c-\u0441-\u043c\u0438\u043d\u0438\u0441\u0442\u0440\u043e\u043c-\u0432\u043d\u0443\u0442\u0440\u0435\u043d\u043d\u0438\u0445-\u0434\u0435\u043b-\u0438-\u0420\u043e\u0434\u0438\u043d\u044b-\u0424\u0420\u0413-\u041d\u044d\u043d\u0441\u0438-\u0424\u0435\u0437\u0435\u0440-2-1.jpg\" alt=\"\" class=\"wp-image-1505\" srcset=\"https:\/\/uzdeutsche.uz\/wp-content\/uploads\/2024\/09\/\u041f\u0440\u0435\u0434\u0441\u0442\u0430\u0432\u0438\u0442\u0435\u043b\u0438-\u041a\u0426\u041d\u0423-\u0432\u0441\u0442\u0440\u0435\u0442\u0438\u043b\u0438\u0441\u044c-\u0441-\u043c\u0438\u043d\u0438\u0441\u0442\u0440\u043e\u043c-\u0432\u043d\u0443\u0442\u0440\u0435\u043d\u043d\u0438\u0445-\u0434\u0435\u043b-\u0438-\u0420\u043e\u0434\u0438\u043d\u044b-\u0424\u0420\u0413-\u041d\u044d\u043d\u0441\u0438-\u0424\u0435\u0437\u0435\u0440-2-1.jpg 687w, https:\/\/uzdeutsche.uz\/wp-content\/uploads\/2024\/09\/\u041f\u0440\u0435\u0434\u0441\u0442\u0430\u0432\u0438\u0442\u0435\u043b\u0438-\u041a\u0426\u041d\u0423-\u0432\u0441\u0442\u0440\u0435\u0442\u0438\u043b\u0438\u0441\u044c-\u0441-\u043c\u0438\u043d\u0438\u0441\u0442\u0440\u043e\u043c-\u0432\u043d\u0443\u0442\u0440\u0435\u043d\u043d\u0438\u0445-\u0434\u0435\u043b-\u0438-\u0420\u043e\u0434\u0438\u043d\u044b-\u0424\u0420\u0413-\u041d\u044d\u043d\u0441\u0438-\u0424\u0435\u0437\u0435\u0440-2-1-228x300.jpg 228w\" sizes=\"(max-width: 687px) 100vw, 687px\" \/><\/figure><\/div>\n\n\n<p>Frau Faeser schlug vor, ein Praktikum im Bundestag f\u00fcr junge Menschen aus der deutschen Diaspora in Usbekistan zu organisieren.<\/p>\n\n\n\n<p>Frau Mironova stellte das Ergebnis der langj\u00e4hrigen gemeinsamen Arbeit des Kulturzentrums der Deutschen Usbekistans, von Historikern und Angeh\u00f6rigen der deutschen Diaspora vor &#8212; eine Sammlung von Berichten der internationalen wissenschaftlich-praktischen Konferenz &#171;Deutsche Usbekistan &#8212; Beitrag zur Wirtschaft, Wissenschaft und Kultur&#187;, die mit Unterst\u00fctzung der Konrad-Adenaur-Stiftung in Taschkent herausgegeben wurde.<\/p>\n\n\n\n<p>Der Innen- und Heimatminister betonte die Bedeutung der Bewahrung der Geschichte der deutschen Minderheit und \u00e4u\u00dferte Interesse an der \u00dcbersetzung und Ver\u00f6ffentlichung solcher historischer Berichte ins Deutsche.<\/p>\n\n\n\n<p>Trotz des eher engen Zeitplans der heutigen politischen und wirtschaftlichen Verhandlungen zwischen Usbekistan und Deutschland zeigt das Treffen des Bundesministers des Innern und f\u00fcr Heimat mit der deutschen Minderheit die gro\u00dfe Aufmerksamkeit der deutschen Regierung f\u00fcr die deutsche Diaspora in Usbekistan.&nbsp;<\/p>\n\n\n\n<p class=\"has-text-align-right\">Georgiy Agrinskiy<\/p>\n","protected":false},"excerpt":{"rendered":"<p>Heute, am 15.09.2024, fand das Treffen der Vertreter des Kulturzentrums der Deutschen aus Usbekistan &#171;WIedergeburt&#187; mit der Ministerin f\u00fcr Inneres und Heimat der Bundesrepublik Deutschland Frau Nancy Faeser statt. W\u00e4hrend des Treffens dr\u00fcckte die Vorsitzende des Kulturzentrums der Deutschen Usbekistans &#171;Wiedergeburt&#187;, Frau Mironova, ihre tiefe Dankbarkeit f\u00fcr die Durchf\u00fchrung eines Programms zur Unterst\u00fctzung der deutschen [&hellip;]<\/p>\n","protected":false},"author":1,"featured_media":1500,"comment_status":"closed","ping_status":"closed","sticky":false,"template":"","format":"standard","meta":{"ocean_post_layout":"","ocean_both_sidebars_style":"","ocean_both_sidebars_content_width":0,"ocean_both_sidebars_sidebars_width":0,"ocean_sidebar":"","ocean_second_sidebar":"","ocean_disable_margins":"enable","ocean_add_body_class":"","ocean_shortcode_before_top_bar":"","ocean_shortcode_after_top_bar":"","ocean_shortcode_before_header":"","ocean_shortcode_after_header":"","ocean_has_shortcode":"","ocean_shortcode_after_title":"","ocean_shortcode_before_footer_widgets":"","ocean_shortcode_after_footer_widgets":"","ocean_shortcode_before_footer_bottom":"","ocean_shortcode_after_footer_bottom":"","ocean_display_top_bar":"default","ocean_display_header":"default","ocean_header_style":"","ocean_center_header_left_menu":"","ocean_custom_header_template":"","ocean_custom_logo":0,"ocean_custom_retina_logo":0,"ocean_custom_logo_max_width":0,"ocean_custom_logo_tablet_max_width":0,"ocean_custom_logo_mobile_max_width":0,"ocean_custom_logo_max_height":0,"ocean_custom_logo_tablet_max_height":0,"ocean_custom_logo_mobile_max_height":0,"ocean_header_custom_menu":"","ocean_menu_typo_font_family":"","ocean_menu_typo_font_subset":"","ocean_menu_typo_font_size":0,"ocean_menu_typo_font_size_tablet":0,"ocean_menu_typo_font_size_mobile":0,"ocean_menu_typo_font_size_unit":"px","ocean_menu_typo_font_weight":"","ocean_menu_typo_font_weight_tablet":"","ocean_menu_typo_font_weight_mobile":"","ocean_menu_typo_transform":"","ocean_menu_typo_transform_tablet":"","ocean_menu_typo_transform_mobile":"","ocean_menu_typo_line_height":0,"ocean_menu_typo_line_height_tablet":0,"ocean_menu_typo_line_height_mobile":0,"ocean_menu_typo_line_height_unit":"","ocean_menu_typo_spacing":0,"ocean_menu_typo_spacing_tablet":0,"ocean_menu_typo_spacing_mobile":0,"ocean_menu_typo_spacing_unit":"","ocean_menu_link_color":"","ocean_menu_link_color_hover":"","ocean_menu_link_color_active":"","ocean_menu_link_background":"","ocean_menu_link_hover_background":"","ocean_menu_link_active_background":"","ocean_menu_social_links_bg":"","ocean_menu_social_hover_links_bg":"","ocean_menu_social_links_color":"","ocean_menu_social_hover_links_color":"","ocean_disable_title":"default","ocean_disable_heading":"default","ocean_post_title":"","ocean_post_subheading":"","ocean_post_title_style":"","ocean_post_title_background_color":"","ocean_post_title_background":0,"ocean_post_title_bg_image_position":"","ocean_post_title_bg_image_attachment":"","ocean_post_title_bg_image_repeat":"","ocean_post_title_bg_image_size":"","ocean_post_title_height":0,"ocean_post_title_bg_overlay":0.5,"ocean_post_title_bg_overlay_color":"","ocean_disable_breadcrumbs":"default","ocean_breadcrumbs_color":"","ocean_breadcrumbs_separator_color":"","ocean_breadcrumbs_links_color":"","ocean_breadcrumbs_links_hover_color":"","ocean_display_footer_widgets":"default","ocean_display_footer_bottom":"default","ocean_custom_footer_template":"","ocean_post_oembed":"","ocean_post_self_hosted_media":"","ocean_post_video_embed":"","ocean_link_format":"","ocean_link_format_target":"self","ocean_quote_format":"","ocean_quote_format_link":"post","ocean_gallery_link_images":"on","ocean_gallery_id":[],"jetpack_publicize_message":"","jetpack_is_tweetstorm":false,"jetpack_publicize_feature_enabled":true,"jetpack_social_post_already_shared":true,"jetpack_social_options":{"image_generator_settings":{"template":"highway","enabled":false}}},"categories":[87],"tags":[],"jetpack_publicize_connections":[],"jetpack_featured_media_url":"https:\/\/uzdeutsche.uz\/wp-content\/uploads\/2024\/09\/\u041f\u0440\u0435\u0434\u0441\u0442\u0430\u0432\u0438\u0442\u0435\u043b\u0438-\u041a\u0426\u041d\u0423-\u0432\u0441\u0442\u0440\u0435\u0442\u0438\u043b\u0438\u0441\u044c-\u0441-\u043c\u0438\u043d\u0438\u0441\u0442\u0440\u043e\u043c-\u0432\u043d\u0443\u0442\u0440\u0435\u043d\u043d\u0438\u0445-\u0434\u0435\u043b-\u0438-\u0420\u043e\u0434\u0438\u043d\u044b-\u0424\u0420\u0413-\u041d\u044d\u043d\u0441\u0438-\u0424\u0435\u0437\u0435\u0440.jpg","_links":{"self":[{"href":"https:\/\/uzdeutsche.uz\/index.php?rest_route=\/wp\/v2\/posts\/1504"}],"collection":[{"href":"https:\/\/uzdeutsche.uz\/index.php?rest_route=\/wp\/v2\/posts"}],"about":[{"href":"https:\/\/uzdeutsche.uz\/index.php?rest_route=\/wp\/v2\/types\/post"}],"author":[{"embeddable":true,"href":"https:\/\/uzdeutsche.uz\/index.php?rest_route=\/wp\/v2\/users\/1"}],"replies":[{"embeddable":true,"href":"https:\/\/uzdeutsche.uz\/index.php?rest_route=%2Fwp%2Fv2%2Fcomments&post=1504"}],"version-history":[{"count":1,"href":"https:\/\/uzdeutsche.uz\/index.php?rest_route=\/wp\/v2\/posts\/1504\/revisions"}],"predecessor-version":[{"id":1506,"href":"https:\/\/uzdeutsche.uz\/index.php?rest_route=\/wp\/v2\/posts\/1504\/revisions\/1506"}],"wp:featuredmedia":[{"embeddable":true,"href":"https:\/\/uzdeutsche.uz\/index.php?rest_route=\/wp\/v2\/media\/1500"}],"wp:attachment":[{"href":"https:\/\/uzdeutsche.uz\/index.php?rest_route=%2Fwp%2Fv2%2Fmedia&parent=1504"}],"wp:term":[{"taxonomy":"category","embeddable":true,"href":"https:\/\/uzdeutsche.uz\/index.php?rest_route=%2Fwp%2Fv2%2Fcategories&post=1504"},{"taxonomy":"post_tag","embeddable":true,"href":"https:\/\/uzdeutsche.uz\/index.php?rest_route=%2Fwp%2Fv2%2Ftags&post=1504"}],"curies":[{"name":"wp","href":"https:\/\/api.w.org\/{rel}","templated":true}]}}